{"id":1820,"date":"2019-11-20T13:56:00","date_gmt":"2019-11-20T13:56:00","guid":{"rendered":"https:\/\/www.fondazioneson.org\/?p=1820"},"modified":"2023-08-11T14:01:01","modified_gmt":"2023-08-11T14:01:01","slug":"podcast-il-futuro-delle-persone-con-disabilita-e-un-presente-da-vivere-e-condividere","status":"publish","type":"post","link":"https:\/\/www.fondazioneson.org\/?p=1820","title":{"rendered":"PODCAST &#8211; Il futuro delle persone con disabilit\u00e0 \u00e8 un presente da vivere e condividere"},"content":{"rendered":"\n<p class=\"wp-block-paragraph\"><strong>Registrazione dell&#8217;incontro di riflessione sul tema del \u201cDopo di noi\u201d affrontato da vari punti di vista: da quelli culturali e spirituali a quelli tecnici, legislativi, di housing sociale e di sostenibilit\u00e0 economica.<\/strong><\/p>\n\n\n\n<p class=\"wp-block-paragraph\">L\u2019Associazione SON Speranza Oltre Noi \u00e8 impegnata a realizzare il progetto \u201cAbitiamo il futuro\u201d: un intervento edilizio di carattere sociale che ospiter\u00e0 soluzioni abitative ispirate alla legge del \u201cDopo di noi\u201d.<\/p>\n\n\n\n<p class=\"wp-block-paragraph\">Le famiglie, i cui figli portatori di disabilit\u00e0 o fragilit\u00e0 sperimenteranno da subito forme di vita in autonomia, sono le vere protagoniste del progetto e, supportate dalle realt\u00e0 del terzo settore promotrici (Associazione Amici Casa della carit\u00e0, Centro Ambrosiano di Solidariet\u00e0), renderanno questa forma di abitare solidale un luogo di vita, di animazione culturale e di scambio col territorio.<\/p>\n\n\n\n<p class=\"wp-block-paragraph\">Il \u201cModello SON\u201d \u00e8 stato lo spunto per parlare del \u201cDopo di noi\u201d da diversi punti di vista, durante un incontro che si \u00e8 tenuto mercoled\u00ec 20 novembre 2019 alla Casa della carit\u00e0 di Milano.<\/p>\n\n\n\n<div style=\"height:25px\" aria-hidden=\"true\" class=\"wp-block-spacer\"><\/div>\n\n\n\n<figure class=\"wp-block-audio\"><audio controls src=\"https:\/\/www.fondazioneson.org\/wp-content\/uploads\/2021\/08\/2019_11_20-tavola-rotonda-son.mp3\"><\/audio><\/figure>\n\n\n\n<div style=\"height:25px\" aria-hidden=\"true\" class=\"wp-block-spacer\"><\/div>\n\n\n\n<p class=\"wp-block-paragraph\"><strong>ORDINE DEGLI INTERVENTI<\/strong><\/p>\n\n\n\n<p class=\"wp-block-paragraph\">Introduzione e intermezzi<br><strong>don Virginio Colmegna<\/strong>, socio fondatore SON<\/p>\n\n\n\n<p class=\"wp-block-paragraph\">Il progetto Abitiamo il futuro<br>3\u2032 50\u201d \u2013 20\u2032 15\u201d<br><strong>Carlo Venegoni<\/strong>, architetto<\/p>\n\n\n\n<p class=\"wp-block-paragraph\">Durante noi: le relazioni<br>22\u2032 51\u201d \u2013 27\u2032 15\u201d<br><strong>Luciano Scotuzzi<\/strong>, presidente SON<\/p>\n\n\n\n<p class=\"wp-block-paragraph\">Durante noi: il quartiere<br>27\u2032 23\u201d \u2013 38\u2032 07\u201d<br><strong>Maria Grazia Guida<\/strong>, presidente Amici Casa della carit\u00e0<\/p>\n\n\n\n<p class=\"wp-block-paragraph\">L\u2019housing sociale per il Dopo di noi<br>50\u2032 03\u201d \u2013 58\u2032 54\u201d<br><strong>Giordana Ferri<\/strong>, direttore esecutivo Fondazione Housing Sociale<\/p>\n\n\n\n<p class=\"wp-block-paragraph\"><strong>SON e Banca Etica<br><\/strong>59\u2032 12\u201d \u2013 1h 02\u2032 09\u201d<\/p>\n\n\n\n<p class=\"wp-block-paragraph\">Il Dopo di noi: strumenti giuridici<br>1h 02\u2032 37\u201d \u2013 1h 15\u2032 23\u201d<br><strong>Monica De Paoli<\/strong>, notaio<\/p>\n\n\n\n<p class=\"wp-block-paragraph\">La persona al centro<br>1h 16\u2032 04\u201d \u2013 1h 27\u2032 50\u201d<br><strong>Giovanni Merlo<\/strong>, direttore Ledha<\/p>\n\n\n\n<p class=\"wp-block-paragraph\"><strong>Dibattito<\/strong><br>1h 29\u2032 47\u201d \u2013 fine<\/p>\n","protected":false},"excerpt":{"rendered":"<p>Registrazione dell&#8217;incontro di riflessione sul tema del \u201cDopo di noi\u201d affrontato da vari punti di vista: da quelli culturali e spirituali a quelli tecnici, legislativi, di housing sociale e di sostenibilit\u00e0 economica. L\u2019Associazione SON Speranza Oltre Noi \u00e8 impegnata a realizzare il progetto \u201cAbitiamo il futuro\u201d: un intervento edilizio di carattere sociale che ospiter\u00e0 soluzioni [&hellip;]<\/p>\n","protected":false},"author":2,"featured_media":638,"comment_status":"closed","ping_status":"open","sticky":false,"template":"","format":"standard","meta":{"footnotes":""},"categories":[11],"tags":[],"class_list":["post-1820","post","type-post","status-publish","format-standard","has-post-thumbnail","hentry","category-son-channel"],"_links":{"self":[{"href":"https:\/\/www.fondazioneson.org\/index.php?rest_route=\/wp\/v2\/posts\/1820","targetHints":{"allow":["GET"]}}],"collection":[{"href":"https:\/\/www.fondazioneson.org\/index.php?rest_route=\/wp\/v2\/posts"}],"about":[{"href":"https:\/\/www.fondazioneson.org\/index.php?rest_route=\/wp\/v2\/types\/post"}],"author":[{"embeddable":true,"href":"https:\/\/www.fondazioneson.org\/index.php?rest_route=\/wp\/v2\/users\/2"}],"replies":[{"embeddable":true,"href":"https:\/\/www.fondazioneson.org\/index.php?rest_route=%2Fwp%2Fv2%2Fcomments&post=1820"}],"version-history":[{"count":1,"href":"https:\/\/www.fondazioneson.org\/index.php?rest_route=\/wp\/v2\/posts\/1820\/revisions"}],"predecessor-version":[{"id":1821,"href":"https:\/\/www.fondazioneson.org\/index.php?rest_route=\/wp\/v2\/posts\/1820\/revisions\/1821"}],"wp:featuredmedia":[{"embeddable":true,"href":"https:\/\/www.fondazioneson.org\/index.php?rest_route=\/wp\/v2\/media\/638"}],"wp:attachment":[{"href":"https:\/\/www.fondazioneson.org\/index.php?rest_route=%2Fwp%2Fv2%2Fmedia&parent=1820"}],"wp:term":[{"taxonomy":"category","embeddable":true,"href":"https:\/\/www.fondazioneson.org\/index.php?rest_route=%2Fwp%2Fv2%2Fcategories&post=1820"},{"taxonomy":"post_tag","embeddable":true,"href":"https:\/\/www.fondazioneson.org\/index.php?rest_route=%2Fwp%2Fv2%2Ftags&post=1820"}],"curies":[{"name":"wp","href":"https:\/\/api.w.org\/{rel}","templated":true}]}}