{"id":2427,"date":"2024-10-22T10:54:26","date_gmt":"2024-10-22T10:54:26","guid":{"rendered":"https:\/\/www.fondazioneson.org\/?p=2427"},"modified":"2024-11-06T09:47:50","modified_gmt":"2024-11-06T09:47:50","slug":"a-son-un-incontro-sulla-dignita-delle-persone-fragili-dialogo-tra-larcivescovo-delpini-e-ferruccio-de-bortoli","status":"publish","type":"post","link":"https:\/\/www.fondazioneson.org\/?p=2427","title":{"rendered":"Il 14 novembre a Son un incontro sulla dignit\u00e0 delle persone fragili: dialogo tra l&#8217;Arcivescovo Delpini e Ferruccio De Bortoli"},"content":{"rendered":"\n<p class=\"wp-block-paragraph\">Il prossimo <strong>14 novembre<\/strong>, alle <strong>ore 18:00<\/strong>, l&#8217;auditorium di Fondazione SON ospiter\u00e0 un evento dal titolo &#8220;<strong>La dignit\u00e0 della persona fragile: inclusione e solidariet\u00e0 oltre l&#8217;assistenzialismo<\/strong>&#8220;. L&#8217;incontro vedr\u00e0 la partecipazione dell&#8217;Arcivescovo di Milano, <strong>monsignor Mario Delpini<\/strong>, e del giornalista <strong>Ferruccio De Bortoli<\/strong>, presidente di Vidas.<\/p>\n\n\n\n<p class=\"wp-block-paragraph\">Introdotto da <strong>don Virginio Colmegna<\/strong>, presidente di Fondazione SON, l&#8217;evento offrir\u00e0 una riflessione critica sull&#8217;approccio contemporaneo verso le persone fragili e con disabilit\u00e0, con l&#8217;obiettivo di superare il pietismo e l&#8217;assistenzialismo. Tra i temi principali, verr\u00e0 affrontata la necessit\u00e0 di riconoscere la disabilit\u00e0 come una risorsa, promuovendo un cambiamento culturale che garantisca diritti e opportunit\u00e0 uguali nel lavoro, nell&#8217;istruzione e nella vita sociale.<\/p>\n\n\n\n<p class=\"wp-block-paragraph\">Il concetto di &#8220;Dopo di noi, Durante noi&#8221; sar\u00e0 un altro punto centrale della discussione, nell&#8217;ottica di promuovere una vita autonoma e dignitosa per le persone con disabilit\u00e0, valorizzandone la partecipazione attiva nella societ\u00e0 e nelle reti famigliari.<\/p>\n\n\n\n<p class=\"wp-block-paragraph\">L&#8217;incontro si terr\u00e0 presso l&#8217;auditorium di Fondazione SON, in <strong>via Trasimeno 53 a Milano.<\/strong><\/p>\n","protected":false},"excerpt":{"rendered":"<p>Il prossimo 14 novembre, alle ore 18:00, l&#8217;auditorium di Fondazione SON ospiter\u00e0 un evento dal titolo &#8220;La dignit\u00e0 della persona fragile: inclusione e solidariet\u00e0 oltre l&#8217;assistenzialismo&#8220;. L&#8217;incontro vedr\u00e0 la partecipazione dell&#8217;Arcivescovo di Milano, monsignor Mario Delpini, e del giornalista Ferruccio De Bortoli, presidente di Vidas. Introdotto da don Virginio Colmegna, presidente di Fondazione SON, l&#8217;evento [&hellip;]<\/p>\n","protected":false},"author":2,"featured_media":2428,"comment_status":"closed","ping_status":"open","sticky":false,"template":"","format":"standard","meta":{"footnotes":""},"categories":[6],"tags":[],"class_list":["post-2427","post","type-post","status-publish","format-standard","has-post-thumbnail","hentry","category-notizie"],"_links":{"self":[{"href":"https:\/\/www.fondazioneson.org\/index.php?rest_route=\/wp\/v2\/posts\/2427","targetHints":{"allow":["GET"]}}],"collection":[{"href":"https:\/\/www.fondazioneson.org\/index.php?rest_route=\/wp\/v2\/posts"}],"about":[{"href":"https:\/\/www.fondazioneson.org\/index.php?rest_route=\/wp\/v2\/types\/post"}],"author":[{"embeddable":true,"href":"https:\/\/www.fondazioneson.org\/index.php?rest_route=\/wp\/v2\/users\/2"}],"replies":[{"embeddable":true,"href":"https:\/\/www.fondazioneson.org\/index.php?rest_route=%2Fwp%2Fv2%2Fcomments&post=2427"}],"version-history":[{"count":2,"href":"https:\/\/www.fondazioneson.org\/index.php?rest_route=\/wp\/v2\/posts\/2427\/revisions"}],"predecessor-version":[{"id":2436,"href":"https:\/\/www.fondazioneson.org\/index.php?rest_route=\/wp\/v2\/posts\/2427\/revisions\/2436"}],"wp:featuredmedia":[{"embeddable":true,"href":"https:\/\/www.fondazioneson.org\/index.php?rest_route=\/wp\/v2\/media\/2428"}],"wp:attachment":[{"href":"https:\/\/www.fondazioneson.org\/index.php?rest_route=%2Fwp%2Fv2%2Fmedia&parent=2427"}],"wp:term":[{"taxonomy":"category","embeddable":true,"href":"https:\/\/www.fondazioneson.org\/index.php?rest_route=%2Fwp%2Fv2%2Fcategories&post=2427"},{"taxonomy":"post_tag","embeddable":true,"href":"https:\/\/www.fondazioneson.org\/index.php?rest_route=%2Fwp%2Fv2%2Ftags&post=2427"}],"curies":[{"name":"wp","href":"https:\/\/api.w.org\/{rel}","templated":true}]}}